{"id":114,"date":"2026-03-02T21:30:35","date_gmt":"2026-03-02T20:30:35","guid":{"rendered":"https:\/\/www.steine-in-der-stadt.org\/news\/?p=114"},"modified":"2026-03-02T21:36:52","modified_gmt":"2026-03-02T20:36:52","slug":"stein-reise-2026-des-gkz-freiberg","status":"publish","type":"post","link":"https:\/\/www.steine-in-der-stadt.org\/news\/2026\/03\/02\/stein-reise-2026-des-gkz-freiberg\/","title":{"rendered":"STEIN-Reise 2026 des GKZ Freiberg 10. &#8211; 16. Mai 2026"},"content":{"rendered":"\n<p><strong>Fachexkursion: Ostb\u00f6hmen, M\u00e4hren und S\u00fcdschlesien<\/strong> | 10. &#8211; 16. Mai 2026<\/p>\n\n\n\n<p>Die STEIN-Reise 2026 des Geokompetenzzentrums Freiberg widmet sich wichtigen Steinbruchregionen in Ostb\u00f6hmen und M\u00e4hrisch-Schlesien. Im Verlaufe dieser Fachexkursion f\u00fcr Steinmetze, Bildhauer, Geologen und geologisch Interessierte sind Einblicke in aktive Abbauunternehmen vorgesehen. In den Denkmalzonen historischer Innenst\u00e4dte und in den abwechslungsreichen Landschaften Tschechiens ist ein bemerkenswertes, reichhaltiges steinernes Kulturerbe in Form historischer und moderner Natursteinzeugnisse zu entdecken. <\/p>\n\n\n\n<p>Die STEIN-Reise beginnt in den von ostb\u00f6hmischen Sandsteinen gepr\u00e4gten Orten Kuks und Jic\u00edn. Sie f\u00fchrt weiter in den \u00f6stlichen Landesteil zu den Bergregionen des &#8222;Altvaters&#8220; und Reichensteiner Gebirges zu aktiven Marmor- und Granitgewinnungsst\u00e4tten. Im Rahmen eines grenz\u00fcberschreitenden Abstechers nach Slawniowice (Polen) werden die traditionsreichen Werkst\u00e4tten des Gro\u00dfkunzendorfer Marmors besucht. Im Programm ist ein aktueller Tonschieferabbau in der geschichtstr\u00e4chtigen Schieferregion &#8222;Niederes Gesenke&#8220; n\u00f6rdlich von Olomouc \/ Olm\u00fctz vorgesehen. Hradec Kr\u00e1lov\u00e9 \/ K\u00f6niggr\u00e4tz ist die geschichtliche, kulturelle, religi\u00f6se, humanistische und wirtschaftliche Metropole in Ostb\u00f6hmen, die von der Gotik bis zur Reformarchitektur ihr steinernes Gesicht erhielt. Zu den letzten Besuchszielen geh\u00f6ren Steinbr\u00fcche im Granodiorit und Granit des Eisengebirges. Die Reise endet mit Natursteinbesuchspunkten in Prag. Bemerkenswerte Naturwerksteine, die in der jahrhundertelangen Architektur- und Kunstgeschichte B\u00f6hmens, M\u00e4hrens und des s\u00fcdlichen Schlesiens eine herausgehobene Rolle einnahmen, werden erkennbar und im Exkursionsf\u00fchrer in Erinnerung gehalten.<\/p>\n\n\n\n<p>Mehr Informationen im Faltblatt: <a href=\"https:\/\/www.gkz-ev.de\/files\/gkz\/daten\/en-route\/2025-10-13_Programm%20STEIN%202026_mit%20Logistik.pdf\">Download (externer Link)<\/a><\/p>\n\n\n\n<p>Foto oben: Bisch\u00f6fliche Residenz Hradec Kr\u00e1lov\u00e9, Portal von Giovanni Biagio Santini \u00a9 Ferdinand Heinz, Dresden<\/p>\n\n\n\n<p><\/p>\n","protected":false},"excerpt":{"rendered":"<p>Fachexkursion: Ostb\u00f6hmen, M\u00e4hren und S\u00fcdschlesien | 10. &#8211; 16. Mai 2026 Die STEIN-Reise 2026 des Geokompetenzzentrums Freiberg widmet sich wichtigen Steinbruchregionen in Ostb\u00f6hmen und M\u00e4hrisch-Schlesien. Im Verlaufe dieser Fachexkursion f\u00fcr Steinmetze, Bildhauer, Geologen und geologisch Interessierte sind Einblicke in aktive Abbauunternehmen vorgesehen. In den Denkmalzonen historischer Innenst\u00e4dte und in den abwechslungsreichen Landschaften Tschechiens ist ein [&hellip;]<\/p>\n","protected":false},"author":1,"featured_media":115,"comment_status":"open","ping_status":"open","sticky":false,"template":"","format":"standard","meta":{"footnotes":""},"categories":[3],"tags":[],"class_list":["post-114","post","type-post","status-publish","format-standard","has-post-thumbnail","hentry","category-exkursionen"],"_links":{"self":[{"href":"https:\/\/www.steine-in-der-stadt.org\/news\/wp-json\/wp\/v2\/posts\/114","targetHints":{"allow":["GET"]}}],"collection":[{"href":"https:\/\/www.steine-in-der-stadt.org\/news\/wp-json\/wp\/v2\/posts"}],"about":[{"href":"https:\/\/www.steine-in-der-stadt.org\/news\/wp-json\/wp\/v2\/types\/post"}],"author":[{"embeddable":true,"href":"https:\/\/www.steine-in-der-stadt.org\/news\/wp-json\/wp\/v2\/users\/1"}],"replies":[{"embeddable":true,"href":"https:\/\/www.steine-in-der-stadt.org\/news\/wp-json\/wp\/v2\/comments?post=114"}],"version-history":[{"count":5,"href":"https:\/\/www.steine-in-der-stadt.org\/news\/wp-json\/wp\/v2\/posts\/114\/revisions"}],"predecessor-version":[{"id":120,"href":"https:\/\/www.steine-in-der-stadt.org\/news\/wp-json\/wp\/v2\/posts\/114\/revisions\/120"}],"wp:featuredmedia":[{"embeddable":true,"href":"https:\/\/www.steine-in-der-stadt.org\/news\/wp-json\/wp\/v2\/media\/115"}],"wp:attachment":[{"href":"https:\/\/www.steine-in-der-stadt.org\/news\/wp-json\/wp\/v2\/media?parent=114"}],"wp:term":[{"taxonomy":"category","embeddable":true,"href":"https:\/\/www.steine-in-der-stadt.org\/news\/wp-json\/wp\/v2\/categories?post=114"},{"taxonomy":"post_tag","embeddable":true,"href":"https:\/\/www.steine-in-der-stadt.org\/news\/wp-json\/wp\/v2\/tags?post=114"}],"curies":[{"name":"wp","href":"https:\/\/api.w.org\/{rel}","templated":true}]}}